{"id":214,"date":"2025-04-01T10:02:24","date_gmt":"2025-04-01T10:02:24","guid":{"rendered":"https:\/\/itdd.au.dk\/sniksnakkerne\/?p=214"},"modified":"2025-04-01T10:03:00","modified_gmt":"2025-04-01T10:03:00","slug":"digitalt-dannede-eller-bare-online","status":"publish","type":"post","link":"https:\/\/itdd.au.dk\/sniksnakkerne\/2025\/04\/01\/digitalt-dannede-eller-bare-online\/","title":{"rendered":"Digitalt dannet&#8230;..eller bare online?"},"content":{"rendered":"\n<div class=\"wp-block-group alignfull\"><div class=\"wp-block-group__inner-container is-layout-constrained wp-block-group-is-layout-constrained\">\n<div class=\"wp-block-cover alignfull is-light\" style=\"margin-top:0;min-height:40vw;aspect-ratio:unset;\"><span aria-hidden=\"true\" class=\"wp-block-cover__background has-black-background-color has-background-dim-0 has-background-dim\"><\/span><img loading=\"lazy\" decoding=\"async\" width=\"2745\" height=\"1170\" class=\"wp-block-cover__image-background wp-image-321\" alt=\"\" src=\"https:\/\/itdd.au.dk\/sniksnakkerne\/wp-content\/uploads\/sites\/31\/2025\/03\/header.png\" style=\"object-position:50% 100%\" data-object-fit=\"cover\" data-object-position=\"50% 100%\" srcset=\"https:\/\/itdd.au.dk\/sniksnakkerne\/wp-content\/uploads\/sites\/31\/2025\/03\/header.png 2745w, https:\/\/itdd.au.dk\/sniksnakkerne\/wp-content\/uploads\/sites\/31\/2025\/03\/header-300x128.png 300w, https:\/\/itdd.au.dk\/sniksnakkerne\/wp-content\/uploads\/sites\/31\/2025\/03\/header-1024x436.png 1024w, https:\/\/itdd.au.dk\/sniksnakkerne\/wp-content\/uploads\/sites\/31\/2025\/03\/header-768x327.png 768w, https:\/\/itdd.au.dk\/sniksnakkerne\/wp-content\/uploads\/sites\/31\/2025\/03\/header-1536x655.png 1536w, https:\/\/itdd.au.dk\/sniksnakkerne\/wp-content\/uploads\/sites\/31\/2025\/03\/header-2048x873.png 2048w\" sizes=\"auto, (max-width: 2745px) 100vw, 2745px\" \/><div class=\"wp-block-cover__inner-container is-layout-flow wp-block-cover-is-layout-flow\">\n<div style=\"height:50px\" aria-hidden=\"true\" class=\"wp-block-spacer\"><\/div>\n<\/div><\/div>\n<\/div><\/div>\n\n\n\n<div class=\"wp-block-columns is-layout-flex wp-container-core-columns-is-layout-9d6595d7 wp-block-columns-is-layout-flex\">\n<div class=\"wp-block-column is-layout-flow wp-block-column-is-layout-flow\"><div class=\"wp-block-image\">\n<figure class=\"aligncenter size-large is-resized\"><img loading=\"lazy\" decoding=\"async\" width=\"762\" height=\"1024\" src=\"https:\/\/itdd.au.dk\/sniksnakkerne\/wp-content\/uploads\/sites\/31\/2025\/03\/Define-1-762x1024.png\" alt=\"\" class=\"wp-image-323\" style=\"width:300px\" srcset=\"https:\/\/itdd.au.dk\/sniksnakkerne\/wp-content\/uploads\/sites\/31\/2025\/03\/Define-1-762x1024.png 762w, https:\/\/itdd.au.dk\/sniksnakkerne\/wp-content\/uploads\/sites\/31\/2025\/03\/Define-1-223x300.png 223w, https:\/\/itdd.au.dk\/sniksnakkerne\/wp-content\/uploads\/sites\/31\/2025\/03\/Define-1-768x1032.png 768w, https:\/\/itdd.au.dk\/sniksnakkerne\/wp-content\/uploads\/sites\/31\/2025\/03\/Define-1.png 956w\" sizes=\"auto, (max-width: 762px) 100vw, 762px\" \/><\/figure>\n<\/div><\/div>\n\n\n\n<div class=\"wp-block-column is-layout-flow wp-block-column-is-layout-flow\">\n<p>Vi har netop afsluttet <strong>Define-fasen <\/strong>i Double Diamond-modellen, hvor vi har formuleret vores forskningssp\u00f8rgsm\u00e5l, identificeret de centrale designudfordringer og designprincipper. Det har ledt os frem til vores forel\u00f8bige definition af vores designkoncept.&nbsp;<\/p>\n\n\n\n<p>Nu tr\u00e6der vi ind i <strong>Develop-fasen<\/strong>, hvor vi bev\u00e6ger os ind i en mere <strong>\u00e5ben og eksperimenterende <\/strong>proces. Her arbejder vi med at udvikle prototyper, teste dem og l\u00f8bende raffinere vores id\u00e9er p\u00e5 baggrund af feedback og nye indsigter. <\/p>\n\n\n\n<p>Men i skal lige have lidt indsigt i, hvad vi har lavet i vores define-fase!<\/p>\n<\/div>\n<\/div>\n\n\n\n<div class=\"wp-block-columns alignfull are-vertically-aligned-top has-background is-layout-flex wp-container-core-columns-is-layout-9d6595d7 wp-block-columns-is-layout-flex\" style=\"background-color:#cbdef4\">\n<div class=\"wp-block-column is-vertically-aligned-top is-layout-flow wp-block-column-is-layout-flow\">\n<p><\/p>\n\n\n\n<figure class=\"wp-block-image size-full\"><img loading=\"lazy\" decoding=\"async\" width=\"789\" height=\"480\" src=\"https:\/\/itdd.au.dk\/sniksnakkerne\/wp-content\/uploads\/sites\/31\/2025\/03\/Define3.png\" alt=\"\" class=\"wp-image-345\" srcset=\"https:\/\/itdd.au.dk\/sniksnakkerne\/wp-content\/uploads\/sites\/31\/2025\/03\/Define3.png 789w, https:\/\/itdd.au.dk\/sniksnakkerne\/wp-content\/uploads\/sites\/31\/2025\/03\/Define3-300x183.png 300w, https:\/\/itdd.au.dk\/sniksnakkerne\/wp-content\/uploads\/sites\/31\/2025\/03\/Define3-768x467.png 768w\" sizes=\"auto, (max-width: 789px) 100vw, 789px\" \/><\/figure>\n<\/div>\n\n\n\n<div class=\"wp-block-column is-vertically-aligned-top is-layout-flow wp-block-column-is-layout-flow\">\n<div style=\"height:52px\" aria-hidden=\"true\" class=\"wp-block-spacer\"><\/div>\n\n\n\n<p>Vi har i vores projekt fors\u00f8gt at stille skarpt p\u00e5 en aktuel og presserende udfordring: Gymnasieelever bruger i stigende grad digitale teknologier \u2013 is\u00e6r AI-v\u00e6rkt\u00f8jer som ChatGPT \u2013 men de st\u00e5r ofte alene i forhold til at forst\u00e5 og h\u00e5ndtere disse v\u00e6rkt\u00f8jer p\u00e5 en kritisk og ansvarlig m\u00e5de. Det har f\u00e5et os til at stille f\u00f8lgende forskningssp\u00f8rgsm\u00e5l:<br><br><strong>Hvordan kan gymnasielevers refleksionsevne og digitale dannelse styrkes gennem undervisning, hvor digital dannelse \u2013 s\u00e6rligt i relation til brugen af digitale teknologier, herunder AI \u2013 integreres som et naturligt element i deres daglige skolekontekst?<\/strong><\/p>\n\n\n\n<p>Vores empiriske unders\u00f8gelse blandt gymnasieelever samt vores litteraturreview peger samstemmende p\u00e5, at der er et gab mellem elevernes praksis og skolens didaktiske st\u00f8tte. Mange elever bruger AI, men savner vejledning i, hvordan det anvendes etisk og reflekteret. Der er bekymring for, at AI kan f\u00f8re til afh\u00e6ngighed og faglig d\u00f8mmekraft sv\u00e6kkes \u2013 og det er jo ikke helt ubegrundet.<\/p>\n\n\n\n<p>Samtidig viser litteraturen (bl.a. Bundsgaard, Dalsgaard, Caviglia, m.fl.), at digital dannelse skal forst\u00e5s langt bredere end blot tekniske f\u00e6rdigheder \u2013 det handler ogs\u00e5 om etik, refleksion og d\u00f8mmekraft. Vi har derfor fors\u00f8gt at udvikle nogle <strong>forel\u00f8bige designprincipper<\/strong>, som kan danne grundlag for didaktiske l\u00f8sninger i undervisningen.<\/p>\n<\/div>\n<\/div>\n\n\n\n<div class=\"wp-block-columns alignwide has-background is-layout-flex wp-container-core-columns-is-layout-9d6595d7 wp-block-columns-is-layout-flex\" style=\"background-color:#fdb1f1\">\n<div class=\"wp-block-column is-layout-flow wp-block-column-is-layout-flow\" style=\"flex-basis:50%\">\n<div class=\"wp-block-cover aligncenter is-light\" style=\"min-height:600px;aspect-ratio:unset;\"><span aria-hidden=\"true\" class=\"wp-block-cover__background has-background-dim-100 has-background-dim\" style=\"background-color:#f6f6f6\"><\/span><div class=\"wp-block-cover__inner-container is-layout-flow wp-block-cover-is-layout-flow\"><div class=\"wp-block-image is-style-default\">\n<figure class=\"aligncenter size-full is-resized\"><img loading=\"lazy\" decoding=\"async\" width=\"2481\" height=\"1749\" src=\"https:\/\/itdd.au.dk\/sniksnakkerne\/wp-content\/uploads\/sites\/31\/2025\/03\/E1HJ.png\" alt=\"\" class=\"wp-image-261\" style=\"width:670px;height:auto\" srcset=\"https:\/\/itdd.au.dk\/sniksnakkerne\/wp-content\/uploads\/sites\/31\/2025\/03\/E1HJ.png 2481w, https:\/\/itdd.au.dk\/sniksnakkerne\/wp-content\/uploads\/sites\/31\/2025\/03\/E1HJ-300x211.png 300w, https:\/\/itdd.au.dk\/sniksnakkerne\/wp-content\/uploads\/sites\/31\/2025\/03\/E1HJ-1024x722.png 1024w, https:\/\/itdd.au.dk\/sniksnakkerne\/wp-content\/uploads\/sites\/31\/2025\/03\/E1HJ-768x541.png 768w, https:\/\/itdd.au.dk\/sniksnakkerne\/wp-content\/uploads\/sites\/31\/2025\/03\/E1HJ-1536x1083.png 1536w, https:\/\/itdd.au.dk\/sniksnakkerne\/wp-content\/uploads\/sites\/31\/2025\/03\/E1HJ-2048x1444.png 2048w\" sizes=\"auto, (max-width: 2481px) 100vw, 2481px\" \/><\/figure>\n<\/div><\/div><\/div>\n<\/div>\n\n\n\n<div class=\"wp-block-column is-vertically-aligned-center is-layout-flow wp-block-column-is-layout-flow\" style=\"padding-top:1em;padding-right:1em;padding-bottom:1em;padding-left:1em\">\n<div class=\"wp-block-columns is-layout-flex wp-container-core-columns-is-layout-9d6595d7 wp-block-columns-is-layout-flex\">\n<div class=\"wp-block-column is-layout-flow wp-block-column-is-layout-flow\">\n<h2 class=\"wp-block-heading\"><img loading=\"lazy\" decoding=\"async\" width=\"600\" height=\"78\" class=\"wp-image-311\" style=\"width: 600px;\" src=\"https:\/\/itdd.au.dk\/sniksnakkerne\/wp-content\/uploads\/sites\/31\/2025\/03\/O1.png\" alt=\"\" srcset=\"https:\/\/itdd.au.dk\/sniksnakkerne\/wp-content\/uploads\/sites\/31\/2025\/03\/O1.png 2113w, https:\/\/itdd.au.dk\/sniksnakkerne\/wp-content\/uploads\/sites\/31\/2025\/03\/O1-300x39.png 300w, https:\/\/itdd.au.dk\/sniksnakkerne\/wp-content\/uploads\/sites\/31\/2025\/03\/O1-1024x132.png 1024w, https:\/\/itdd.au.dk\/sniksnakkerne\/wp-content\/uploads\/sites\/31\/2025\/03\/O1-768x99.png 768w, https:\/\/itdd.au.dk\/sniksnakkerne\/wp-content\/uploads\/sites\/31\/2025\/03\/O1-1536x198.png 1536w, https:\/\/itdd.au.dk\/sniksnakkerne\/wp-content\/uploads\/sites\/31\/2025\/03\/O1-2048x265.png 2048w\" sizes=\"auto, (max-width: 600px) 100vw, 600px\" \/><\/h2>\n\n\n\n<p><strong>Teoretisk baggrund:<\/strong> Digitale teknologier \u2013 og s\u00e6rligt generativ AI \u2013 kr\u00e6ver, at eleverne ikke kun l\u00e6rer at <em>bruge<\/em> dem, men ogs\u00e5 at forholde sig kritisk og ansvarligt. If\u00f8lge Bundsgaard (2017) og S\u00e4lj\u00f6 (2010) er digital dannelse ikke blot teknisk kunnen, men indeb\u00e6rer udvikling af d\u00f8mmekraft og etisk refleksion. Teknologier fungerer som <em>kognitive partnere<\/em>, og derfor m\u00e5 eleverne l\u00e6re at forst\u00e5, hvordan AI p\u00e5virker deres l\u00e6ring og t\u00e6nkning.<\/p>\n\n\n\n<p><strong>Empiri:<\/strong><br>Vores sp\u00f8rgeskemaunders\u00f8gelse viser, at eleverne eftersp\u00f8rger undervisning i, hvordan AI bruges p\u00e5 en \u201crigtig\u201d og ansvarlig m\u00e5de. Flere n\u00e6vner ogs\u00e5 usikkerhed og frygt for at overtr\u00e6de regler eller &#8220;komme til at snyde&#8221;.<\/p>\n\n\n\n<p><strong>Design:<\/strong><br>Designet b\u00f8r inkludere konkrete undervisningselementer \u2013 f.eks. sm\u00e5 dilemma\u00f8velser, cases med forskellige scenarier, eller refleksionssp\u00f8rgsm\u00e5l \u2013 som inviterer eleverne til at diskutere og udvikle deres forst\u00e5else af AI\u2019s rolle og konsekvenser. Det kan f.eks. v\u00e6re: \u201cHvorn\u00e5r er AI en hj\u00e6lp \u2013 og hvorn\u00e5r er det snyd?\u201d<\/p>\n<\/div>\n<\/div>\n<\/div>\n<\/div>\n\n\n\n<div class=\"wp-block-columns alignwide has-background is-layout-flex wp-container-core-columns-is-layout-9d6595d7 wp-block-columns-is-layout-flex\" style=\"background-color:#eba6e1\">\n<div class=\"wp-block-column is-layout-flow wp-block-column-is-layout-flow\" style=\"flex-basis:50%\">\n<div class=\"wp-block-cover aligncenter\" style=\"min-height:663px;aspect-ratio:unset;\"><span aria-hidden=\"true\" class=\"wp-block-cover__background has-background-dim-100 has-background-dim\" style=\"background-color:#f6f6f6\"><\/span><div class=\"wp-block-cover__inner-container is-layout-flow wp-block-cover-is-layout-flow\"><div class=\"wp-block-image\">\n<figure class=\"aligncenter size-full is-resized\"><img loading=\"lazy\" decoding=\"async\" width=\"2481\" height=\"1749\" src=\"https:\/\/itdd.au.dk\/sniksnakkerne\/wp-content\/uploads\/sites\/31\/2025\/03\/E2HJ.png\" alt=\"\" class=\"wp-image-264\" style=\"width:696px;height:auto\" srcset=\"https:\/\/itdd.au.dk\/sniksnakkerne\/wp-content\/uploads\/sites\/31\/2025\/03\/E2HJ.png 2481w, https:\/\/itdd.au.dk\/sniksnakkerne\/wp-content\/uploads\/sites\/31\/2025\/03\/E2HJ-300x211.png 300w, https:\/\/itdd.au.dk\/sniksnakkerne\/wp-content\/uploads\/sites\/31\/2025\/03\/E2HJ-1024x722.png 1024w, https:\/\/itdd.au.dk\/sniksnakkerne\/wp-content\/uploads\/sites\/31\/2025\/03\/E2HJ-768x541.png 768w, https:\/\/itdd.au.dk\/sniksnakkerne\/wp-content\/uploads\/sites\/31\/2025\/03\/E2HJ-1536x1083.png 1536w, https:\/\/itdd.au.dk\/sniksnakkerne\/wp-content\/uploads\/sites\/31\/2025\/03\/E2HJ-2048x1444.png 2048w\" sizes=\"auto, (max-width: 2481px) 100vw, 2481px\" \/><\/figure>\n<\/div><\/div><\/div>\n<\/div>\n\n\n\n<div class=\"wp-block-column is-vertically-aligned-center is-layout-flow wp-block-column-is-layout-flow\" style=\"padding-top:1em;padding-right:1em;padding-bottom:1em;padding-left:1em\">\n<div class=\"wp-block-columns is-layout-flex wp-container-core-columns-is-layout-9d6595d7 wp-block-columns-is-layout-flex\">\n<div class=\"wp-block-column is-layout-flow wp-block-column-is-layout-flow\">\n<h2 class=\"wp-block-heading\"><img decoding=\"async\" class=\"wp-image-298\" style=\"width: 600px;\" src=\"https:\/\/itdd.au.dk\/sniksnakkerne\/wp-content\/uploads\/sites\/31\/2025\/03\/O2.png\" alt=\"\"><\/h2>\n\n\n\n<p><strong>Teoretisk baggrund:<\/strong><br>Digital dannelse b\u00f8r ikke v\u00e6re en s\u00e6rskilt time \u00e9n gang om \u00e5ret \u2013 det skal v\u00e6re <em>indlejret<\/em> i fagligheden (Dalsgaard et al., 2020). Det betyder, at n\u00e5r elever arbejder med matematik, historie eller engelsk, b\u00f8r teknologiforst\u00e5else og digital refleksion v\u00e6re en del af de faglige m\u00e5l.<\/p>\n\n\n\n<p><strong>Empiri:<\/strong><br>Eleverne udtrykker, at de ofte er i tvivl om, <em>hvordan<\/em> teknologien m\u00e5 bruges i deres skolearbejde \u2013 og de efterlyser konkrete vejledninger og metoder til, hvordan v\u00e6rkt\u00f8jerne kan anvendes fagligt.<\/p>\n\n\n\n<p><strong>Design:<\/strong><br>L\u00f8sningen kunne v\u00e6re skabeloner, undervisningsforl\u00f8b eller eksempler, hvor AI og andre digitale v\u00e6rkt\u00f8jer bliver en integreret del af undervisningsaktiviteterne \u2013 f.eks. ved at bruge ChatGPT til id\u00e9udvikling i dansk eller som modspiller i argumentationstr\u00e6ning i samfundsfag.<\/p>\n<\/div>\n<\/div>\n<\/div>\n<\/div>\n\n\n\n<div class=\"wp-block-columns alignwide has-background is-layout-flex wp-container-core-columns-is-layout-9d6595d7 wp-block-columns-is-layout-flex\" style=\"background-color:#ed85de\">\n<div class=\"wp-block-column is-layout-flow wp-block-column-is-layout-flow\" style=\"flex-basis:50%\">\n<div class=\"wp-block-cover aligncenter\" style=\"min-height:600px;aspect-ratio:unset;\"><span aria-hidden=\"true\" class=\"wp-block-cover__background has-background-dim-100 has-background-dim\" style=\"background-color:#f6f6f6\"><\/span><div class=\"wp-block-cover__inner-container is-layout-flow wp-block-cover-is-layout-flow\"><div class=\"wp-block-image\">\n<figure class=\"aligncenter size-full is-resized\"><img loading=\"lazy\" decoding=\"async\" width=\"2481\" height=\"1749\" src=\"https:\/\/itdd.au.dk\/sniksnakkerne\/wp-content\/uploads\/sites\/31\/2025\/03\/E3HJ.png\" alt=\"\" class=\"wp-image-266\" style=\"width:696px;height:auto\" srcset=\"https:\/\/itdd.au.dk\/sniksnakkerne\/wp-content\/uploads\/sites\/31\/2025\/03\/E3HJ.png 2481w, https:\/\/itdd.au.dk\/sniksnakkerne\/wp-content\/uploads\/sites\/31\/2025\/03\/E3HJ-300x211.png 300w, https:\/\/itdd.au.dk\/sniksnakkerne\/wp-content\/uploads\/sites\/31\/2025\/03\/E3HJ-1024x722.png 1024w, https:\/\/itdd.au.dk\/sniksnakkerne\/wp-content\/uploads\/sites\/31\/2025\/03\/E3HJ-768x541.png 768w, https:\/\/itdd.au.dk\/sniksnakkerne\/wp-content\/uploads\/sites\/31\/2025\/03\/E3HJ-1536x1083.png 1536w, https:\/\/itdd.au.dk\/sniksnakkerne\/wp-content\/uploads\/sites\/31\/2025\/03\/E3HJ-2048x1444.png 2048w\" sizes=\"auto, (max-width: 2481px) 100vw, 2481px\" \/><\/figure>\n<\/div><\/div><\/div>\n<\/div>\n\n\n\n<div class=\"wp-block-column is-vertically-aligned-center is-layout-flow wp-block-column-is-layout-flow\" style=\"padding-top:1em;padding-right:1em;padding-bottom:1em;padding-left:1em\">\n<div class=\"wp-block-columns is-layout-flex wp-container-core-columns-is-layout-9d6595d7 wp-block-columns-is-layout-flex\">\n<div class=\"wp-block-column is-layout-flow wp-block-column-is-layout-flow\">\n<h2 class=\"wp-block-heading\"><img decoding=\"async\" class=\"wp-image-301\" style=\"width: 600px;\" src=\"https:\/\/itdd.au.dk\/sniksnakkerne\/wp-content\/uploads\/sites\/31\/2025\/03\/O3.png\" alt=\"\"><\/h2>\n\n\n\n<p><strong>Teoretisk baggrund:<\/strong><br>At bruge teknologi bevidst kr\u00e6ver metakognition. S\u00e4lj\u00f6 (2010) og Petrucco et al. (2024) pointerer, at elever skal reflektere over, <em>hvordan<\/em> teknologien p\u00e5virker deres t\u00e6nkning og l\u00e6ring. Ellers risikerer vi, at teknologien bruges ukritisk eller passivt.<\/p>\n\n\n\n<p><strong>Empiri:<\/strong><br>Vores unders\u00f8gelse viser, at elever ofte oplever en slags ambivalens: de ser fordelene ved AI, men er samtidig bekymrede for, at det \u201covertager for meget\u201d af deres arbejde eller d\u00f8mmekraft.<\/p>\n\n\n\n<p><strong>Design:<\/strong><br>Refleksionsv\u00e6rkt\u00f8jer \u2013 f.eks. digitale logb\u00f8ger, refleksionskort eller metasp\u00f8rgsm\u00e5l i undervisningen \u2013 kan hj\u00e6lpe eleverne med at tage et skridt tilbage og overveje: <em>Hvordan p\u00e5virker det her v\u00e6rkt\u00f8j min forst\u00e5else? Hvad ville jeg have gjort uden det?<\/em>&nbsp;<\/p>\n<\/div>\n<\/div>\n<\/div>\n<\/div>\n\n\n\n<div class=\"wp-block-columns alignwide has-background is-layout-flex wp-container-core-columns-is-layout-9d6595d7 wp-block-columns-is-layout-flex\" style=\"background-color:#d571c2\">\n<div class=\"wp-block-column is-layout-flow wp-block-column-is-layout-flow\" style=\"flex-basis:50%\">\n<div class=\"wp-block-cover aligncenter\" style=\"min-height:600px;aspect-ratio:unset;\"><span aria-hidden=\"true\" class=\"wp-block-cover__background has-background-dim-100 has-background-dim\" style=\"background-color:#f6f6f6\"><\/span><div class=\"wp-block-cover__inner-container is-layout-flow wp-block-cover-is-layout-flow\"><div class=\"wp-block-image\">\n<figure class=\"aligncenter size-full is-resized\"><img loading=\"lazy\" decoding=\"async\" width=\"900\" height=\"750\" src=\"https:\/\/itdd.au.dk\/sniksnakkerne\/wp-content\/uploads\/sites\/31\/2025\/03\/E4H.png\" alt=\"\" class=\"wp-image-268\" style=\"width:754px;height:auto\" srcset=\"https:\/\/itdd.au.dk\/sniksnakkerne\/wp-content\/uploads\/sites\/31\/2025\/03\/E4H.png 900w, https:\/\/itdd.au.dk\/sniksnakkerne\/wp-content\/uploads\/sites\/31\/2025\/03\/E4H-300x250.png 300w, https:\/\/itdd.au.dk\/sniksnakkerne\/wp-content\/uploads\/sites\/31\/2025\/03\/E4H-768x640.png 768w\" sizes=\"auto, (max-width: 900px) 100vw, 900px\" \/><\/figure>\n<\/div><\/div><\/div>\n<\/div>\n\n\n\n<div class=\"wp-block-column is-vertically-aligned-center is-layout-flow wp-block-column-is-layout-flow\" style=\"padding-top:1em;padding-right:1em;padding-bottom:1em;padding-left:1em\">\n<div class=\"wp-block-columns is-layout-flex wp-container-core-columns-is-layout-9d6595d7 wp-block-columns-is-layout-flex\">\n<div class=\"wp-block-column is-layout-flow wp-block-column-is-layout-flow\">\n<h2 class=\"wp-block-heading\"><img decoding=\"async\" class=\"wp-image-303\" style=\"width: 600px;\" src=\"https:\/\/itdd.au.dk\/sniksnakkerne\/wp-content\/uploads\/sites\/31\/2025\/03\/O4.png\" alt=\"\"><\/h2>\n\n\n\n<p><strong>Teoretisk baggrund:<\/strong><br>At kunne finde, vurdere og bruge information er en kernekompetence i en digital tid. Digital literacy handler om at kunne navigere i et informationsrigt og ofte forvirrende digitalt landskab (Caviglia et al., 2019; ICILS, 2023).<\/p>\n\n\n\n<p><strong>Empiri:<\/strong><br>23 ud af 26 elever i vores unders\u00f8gelse peger p\u00e5 kritisk informationss\u00f8gning som den vigtigste digitale f\u00e6rdighed, de har brug for.<\/p>\n\n\n\n<p><strong>Design:<\/strong><br>Designet b\u00f8r give eleverne mulighed for at afpr\u00f8ve kildekritiske strategier \u2013 gerne med autentisk, AI-genereret materiale \u2013 og arbejde med sp\u00f8rgsm\u00e5l som: <em>Hvordan kan jeg vurdere, om det, jeg l\u00e6ser, er trov\u00e6rdigt?<\/em><\/p>\n<\/div>\n<\/div>\n<\/div>\n<\/div>\n\n\n\n<div class=\"wp-block-columns alignwide has-background is-layout-flex wp-container-core-columns-is-layout-9d6595d7 wp-block-columns-is-layout-flex\" style=\"background-color:#f98ce9\">\n<div class=\"wp-block-column is-layout-flow wp-block-column-is-layout-flow\" style=\"flex-basis:50%\">\n<div class=\"wp-block-cover aligncenter\" style=\"min-height:600px;aspect-ratio:unset;\"><span aria-hidden=\"true\" class=\"wp-block-cover__background has-background-dim-100 has-background-dim\" style=\"background-color:#f6f6f6\"><\/span><div class=\"wp-block-cover__inner-container is-layout-flow wp-block-cover-is-layout-flow\"><div class=\"wp-block-image\">\n<figure class=\"aligncenter size-full is-resized\"><img loading=\"lazy\" decoding=\"async\" width=\"900\" height=\"750\" src=\"https:\/\/itdd.au.dk\/sniksnakkerne\/wp-content\/uploads\/sites\/31\/2025\/03\/E5H-1.png\" alt=\"\" class=\"wp-image-271\" style=\"width:740px;height:auto\" srcset=\"https:\/\/itdd.au.dk\/sniksnakkerne\/wp-content\/uploads\/sites\/31\/2025\/03\/E5H-1.png 900w, https:\/\/itdd.au.dk\/sniksnakkerne\/wp-content\/uploads\/sites\/31\/2025\/03\/E5H-1-300x250.png 300w, https:\/\/itdd.au.dk\/sniksnakkerne\/wp-content\/uploads\/sites\/31\/2025\/03\/E5H-1-768x640.png 768w\" sizes=\"auto, (max-width: 900px) 100vw, 900px\" \/><\/figure>\n<\/div><\/div><\/div>\n<\/div>\n\n\n\n<div class=\"wp-block-column is-vertically-aligned-center is-layout-flow wp-block-column-is-layout-flow\" style=\"padding-top:1em;padding-right:1em;padding-bottom:1em;padding-left:1em\">\n<div class=\"wp-block-columns is-layout-flex wp-container-core-columns-is-layout-9d6595d7 wp-block-columns-is-layout-flex\">\n<div class=\"wp-block-column is-layout-flow wp-block-column-is-layout-flow\">\n<h2 class=\"wp-block-heading\"><img decoding=\"async\" class=\"wp-image-305\" style=\"width: 600px;\" src=\"https:\/\/itdd.au.dk\/sniksnakkerne\/wp-content\/uploads\/sites\/31\/2025\/03\/O5.png\" alt=\"\"><\/h2>\n\n\n\n<p><strong>Teoretisk baggrund:<\/strong><br>Elever er forskellige \u2013 b\u00e5de i deres digitale erfaringer og komfort med teknologi. If\u00f8lge Dalsgaard et al. (2020) og DEG (2023) skal undervisningen v\u00e6re fleksibel og tage h\u00f8jde for, at nogle elever er digitalt st\u00e6rke, mens andre oplever modstand eller usikkerhed.<\/p>\n\n\n\n<p><strong>Empiri:<\/strong><br>Vi ser store variationer i elevernes beskrivelser \u2013 nogle bruger AI dagligt, andre er skeptiske og famler i m\u00f8rket. (Vi har og indsamler stadig b\u00e5de kvalitativ og kvantitativ data)<\/p>\n\n\n\n<p><strong>Design:<\/strong><br>Et godt design b\u00f8r kunne skaleres og differentieres \u2013 f.eks. ved at tilbyde valgmuligheder, opgaver med forskellige sv\u00e6rhedsgrader, eller mulighed for progression over tid. Det skaber inkluderende rum, hvor alle elever har mulighed for at l\u00e6re og udvikle sig.&nbsp;<\/p>\n<\/div>\n<\/div>\n<\/div>\n<\/div>\n\n\n\n<p><\/p>\n","protected":false},"excerpt":{"rendered":"<p>Vi har netop afsluttet Define-fasen i Double Diamond-modellen, hvor vi har formuleret vores forskningssp\u00f8rgsm\u00e5l, identificeret de centrale designudfordringer og designprincipper. Det har ledt os frem til vores forel\u00f8bige definition af vores designkoncept.&nbsp; Nu tr\u00e6der vi ind i Develop-fasen, hvor vi bev\u00e6ger os ind i en mere \u00e5ben og eksperimenterende proces. Her arbejder vi med at [&hellip;]<\/p>\n","protected":false},"author":45,"featured_media":355,"comment_status":"open","ping_status":"open","sticky":false,"template":"","format":"standard","meta":{"footnotes":""},"categories":[7],"tags":[],"class_list":["post-214","post","type-post","status-publish","format-standard","has-post-thumbnail","hentry","category-design","entry","has-media"],"_links":{"self":[{"href":"https:\/\/itdd.au.dk\/sniksnakkerne\/wp-json\/wp\/v2\/posts\/214","targetHints":{"allow":["GET"]}}],"collection":[{"href":"https:\/\/itdd.au.dk\/sniksnakkerne\/wp-json\/wp\/v2\/posts"}],"about":[{"href":"https:\/\/itdd.au.dk\/sniksnakkerne\/wp-json\/wp\/v2\/types\/post"}],"author":[{"embeddable":true,"href":"https:\/\/itdd.au.dk\/sniksnakkerne\/wp-json\/wp\/v2\/users\/45"}],"replies":[{"embeddable":true,"href":"https:\/\/itdd.au.dk\/sniksnakkerne\/wp-json\/wp\/v2\/comments?post=214"}],"version-history":[{"count":83,"href":"https:\/\/itdd.au.dk\/sniksnakkerne\/wp-json\/wp\/v2\/posts\/214\/revisions"}],"predecessor-version":[{"id":358,"href":"https:\/\/itdd.au.dk\/sniksnakkerne\/wp-json\/wp\/v2\/posts\/214\/revisions\/358"}],"wp:featuredmedia":[{"embeddable":true,"href":"https:\/\/itdd.au.dk\/sniksnakkerne\/wp-json\/wp\/v2\/media\/355"}],"wp:attachment":[{"href":"https:\/\/itdd.au.dk\/sniksnakkerne\/wp-json\/wp\/v2\/media?parent=214"}],"wp:term":[{"taxonomy":"category","embeddable":true,"href":"https:\/\/itdd.au.dk\/sniksnakkerne\/wp-json\/wp\/v2\/categories?post=214"},{"taxonomy":"post_tag","embeddable":true,"href":"https:\/\/itdd.au.dk\/sniksnakkerne\/wp-json\/wp\/v2\/tags?post=214"}],"curies":[{"name":"wp","href":"https:\/\/api.w.org\/{rel}","templated":true}]}}