{"id":799,"date":"2025-04-01T09:39:24","date_gmt":"2025-04-01T09:39:24","guid":{"rendered":"https:\/\/itdd.au.dk\/mtlg\/?p=799"},"modified":"2025-04-01T09:42:28","modified_gmt":"2025-04-01T09:42:28","slug":"799","status":"publish","type":"post","link":"https:\/\/itdd.au.dk\/mtlg\/2025\/04\/01\/799\/","title":{"rendered":"Designed Based Research"},"content":{"rendered":"\n<div class=\"wp-block-cover alignfull is-light has-custom-content-position is-position-top-center has-small-font-size\" style=\"margin-top:0;padding-top:5vw;padding-right:5vw;padding-bottom:5vw;padding-left:5vw;min-height:262px;aspect-ratio:unset;\"><span aria-hidden=\"true\" class=\"wp-block-cover__background has-white-background-color has-background-dim-90 has-background-dim\"><\/span><div class=\"wp-block-cover__inner-container is-layout-flow wp-block-cover-is-layout-flow\">\n<p class=\"has-text-align-center has-large-font-size\" style=\"font-style:italic;font-weight:100\">F\u00f8rste skridt p\u00e5 ukendt grund <br>Vores debut med Design-Based Research<\/p>\n<\/div><\/div>\n\n\n\n<div class=\"wp-block-media-text alignwide has-media-on-the-right is-stacked-on-mobile is-vertically-aligned-center has-background\" style=\"background-color:#fffdea;grid-template-columns:auto 27%\"><div class=\"wp-block-media-text__content\">\n<p style=\"font-size:36px;line-height:1.2\">Hvad er det vi unders\u00f8ger?<\/p>\n\n\n\n<div class=\"wp-block-group\" style=\"padding-top:2em;padding-right:2em;padding-bottom:2em;padding-left:2em\"><div class=\"wp-block-group__inner-container is-layout-flow wp-block-group-is-layout-flow\">\n<p>I vores unders\u00f8gelse og afpr\u00f8vning med Designed Based Research, dykker vi ned i folkeskolel\u00e6reres arbejde med tosprogede elever i de dansk-tyske skoler i Sydslesvig. Vi unders\u00f8ger de udfordringer, l\u00e6rerne oplever, n\u00e5r de skal underst\u00f8tte elevernes sprogudvikling i et milj\u00f8, hvor b\u00e5de dansk og tysk spiller en central rolle i undervisningen og hverdagen.<\/p>\n<\/div><\/div>\n<\/div><figure class=\"wp-block-media-text__media\"><img loading=\"lazy\" decoding=\"async\" width=\"512\" height=\"512\" src=\"https:\/\/itdd.au.dk\/mtlg\/wp-content\/uploads\/sites\/25\/2025\/04\/question.png\" alt=\"\" class=\"wp-image-838 size-full\" srcset=\"https:\/\/itdd.au.dk\/mtlg\/wp-content\/uploads\/sites\/25\/2025\/04\/question.png 512w, https:\/\/itdd.au.dk\/mtlg\/wp-content\/uploads\/sites\/25\/2025\/04\/question-300x300.png 300w, https:\/\/itdd.au.dk\/mtlg\/wp-content\/uploads\/sites\/25\/2025\/04\/question-150x150.png 150w\" sizes=\"auto, (max-width: 512px) 100vw, 512px\" \/><\/figure><\/div>\n\n\n\n<div class=\"wp-block-media-text alignwide is-stacked-on-mobile is-vertically-aligned-center has-background\" style=\"background-color:#fffdea;grid-template-columns:25% auto\"><figure class=\"wp-block-media-text__media\"><img loading=\"lazy\" decoding=\"async\" width=\"512\" height=\"512\" src=\"https:\/\/itdd.au.dk\/mtlg\/wp-content\/uploads\/sites\/25\/2025\/04\/searching.png\" alt=\"\" class=\"wp-image-841 size-full\" srcset=\"https:\/\/itdd.au.dk\/mtlg\/wp-content\/uploads\/sites\/25\/2025\/04\/searching.png 512w, https:\/\/itdd.au.dk\/mtlg\/wp-content\/uploads\/sites\/25\/2025\/04\/searching-300x300.png 300w, https:\/\/itdd.au.dk\/mtlg\/wp-content\/uploads\/sites\/25\/2025\/04\/searching-150x150.png 150w\" sizes=\"auto, (max-width: 512px) 100vw, 512px\" \/><\/figure><div class=\"wp-block-media-text__content\">\n<div class=\"wp-block-group\" style=\"padding-top:2em;padding-right:2em;padding-bottom:2em;padding-left:2em\"><div class=\"wp-block-group__inner-container is-layout-flow wp-block-group-is-layout-flow\">\n<p style=\"font-size:36px;line-height:1.2\"><em>Hvordan kan l\u00e6reres digitale kompetencer anvendes til at underst\u00f8tte tosprogede og flersprogede elevers sprogudvikling og overkomme sprogbarrierer i undervisningen?<\/em><\/p>\n\n\n\n<p>Dertil stillede vi f\u00f8lgende undersp\u00f8rgsm\u00e5l:<br><em>Hvilke udfordringer oplever l\u00e6rere i undervisningen af tosprogede elever, uafh\u00e6ngigt af digitale teknologier, og hvordan p\u00e5virker disse udfordringer elevernes l\u00e6ring og deltagelse?&nbsp;<\/em><\/p>\n\n\n\n<p><em>Hvordan kan l\u00e6rere inddrage digitale teknologier, s\u00e5som store sprogmodeller (LLM), i undervisningen for tosprogede elever?&nbsp;<\/em><\/p>\n<\/div><\/div>\n<\/div><\/div>\n\n\n\n<div class=\"wp-block-cover alignwide\" style=\"min-height:687px;aspect-ratio:unset;\"><span aria-hidden=\"true\" class=\"wp-block-cover__background has-background-dim-100 has-background-dim\" style=\"background-color:#fffdea\"><\/span><div class=\"wp-block-cover__inner-container is-layout-flow wp-block-cover-is-layout-flow\">\n<div class=\"wp-block-group\" style=\"padding-top:2em;padding-right:2em;padding-bottom:2em;padding-left:2em\"><div class=\"wp-block-group__inner-container is-layout-flow wp-block-group-is-layout-flow\">\n<p class=\"has-black-color has-text-color has-link-color wp-elements-95f033ccbed68379d460d3112a6ab9b4\" style=\"font-size:36px;line-height:1.2\">Hvordan unders\u00f8ger vi det?<\/p>\n\n\n\n<figure class=\"wp-block-image size-large\"><img loading=\"lazy\" decoding=\"async\" width=\"1024\" height=\"520\" src=\"https:\/\/itdd.au.dk\/mtlg\/wp-content\/uploads\/sites\/25\/2025\/03\/image-4-1024x520.png\" alt=\"\" class=\"wp-image-806\" srcset=\"https:\/\/itdd.au.dk\/mtlg\/wp-content\/uploads\/sites\/25\/2025\/03\/image-4-1024x520.png 1024w, https:\/\/itdd.au.dk\/mtlg\/wp-content\/uploads\/sites\/25\/2025\/03\/image-4-300x152.png 300w, https:\/\/itdd.au.dk\/mtlg\/wp-content\/uploads\/sites\/25\/2025\/03\/image-4-768x390.png 768w, https:\/\/itdd.au.dk\/mtlg\/wp-content\/uploads\/sites\/25\/2025\/03\/image-4-1536x780.png 1536w, https:\/\/itdd.au.dk\/mtlg\/wp-content\/uploads\/sites\/25\/2025\/03\/image-4-2048x1040.png 2048w\" sizes=\"auto, (max-width: 1024px) 100vw, 1024px\" \/><\/figure>\n\n\n\n<p style=\"font-size:36px;line-height:1.2\"><\/p>\n<\/div><\/div>\n<\/div><\/div>\n\n\n\n<div class=\"wp-block-cover alignfull is-light\" style=\"margin-top:0;padding-top:6vw;padding-right:6vw;padding-bottom:6vw;padding-left:6vw;min-height:783px;aspect-ratio:unset;\"><span aria-hidden=\"true\" class=\"wp-block-cover__background has-white-background-color has-background-dim-90 has-background-dim\"><\/span><div class=\"wp-block-cover__inner-container is-layout-flow wp-block-cover-is-layout-flow\">\n<div class=\"wp-block-group is-layout-flex wp-container-core-group-is-layout-d7064eea wp-block-group-is-layout-flex\">\n<div class=\"wp-block-group is-content-justification-right is-nowrap is-layout-flex wp-container-core-group-is-layout-ba11ac9d wp-block-group-is-layout-flex\">\n<div class=\"wp-block-group wp-container-content-0733e5d0\"><div class=\"wp-block-group__inner-container is-layout-flow wp-block-group-is-layout-flow\">\n<div style=\"height:8vw\" aria-hidden=\"true\" class=\"wp-block-spacer\"><\/div>\n<\/div><\/div>\n<\/div>\n\n\n\n<div class=\"wp-block-group alignwide has-medium-font-size wp-container-content-ceb7f5b3 is-vertical is-layout-flex wp-container-core-group-is-layout-ce4714e7 wp-block-group-is-layout-flex\">\n<h2 class=\"wp-block-heading alignwide has-text-align-left has-contrast-color has-text-color\" style=\"font-size:72px;font-style:normal;font-weight:500;line-height:0.9;text-transform:none\">Hvad ved vi indtil videre?<\/h2>\n\n\n\n<p><em>Fra vores litteratur review &amp; interviews<\/em><\/p>\n\n\n\n<div class=\"wp-block-media-text is-stacked-on-mobile\" style=\"grid-template-columns:34% auto\"><figure class=\"wp-block-media-text__media\"><img loading=\"lazy\" decoding=\"async\" width=\"845\" height=\"660\" src=\"https:\/\/itdd.au.dk\/mtlg\/wp-content\/uploads\/sites\/25\/2025\/03\/B486.jpg\" alt=\"\" class=\"wp-image-811 size-full\" srcset=\"https:\/\/itdd.au.dk\/mtlg\/wp-content\/uploads\/sites\/25\/2025\/03\/B486.jpg 845w, https:\/\/itdd.au.dk\/mtlg\/wp-content\/uploads\/sites\/25\/2025\/03\/B486-300x234.jpg 300w, https:\/\/itdd.au.dk\/mtlg\/wp-content\/uploads\/sites\/25\/2025\/03\/B486-768x600.jpg 768w\" sizes=\"auto, (max-width: 845px) 100vw, 845px\" \/><\/figure><div class=\"wp-block-media-text__content\">\n<p><strong>Varierende sproglige kompetencer <\/strong><\/p>\n\n\n\n<p>Tosprogede elever har ofte meget forskellige foruds\u00e6tninger for at l\u00e6re dansk som sit andet sprog, prim\u00e6rt grundet kulturelle forskelle. Det g\u00f8r det udfordrende for l\u00e6rerne at tilrettel\u00e6gge undervisningen, s\u00e5 den tilgodeser b\u00e5de elever med st\u00e6rke og svage sproglige kompetencer. L\u00e6rere mangler hj\u00e6lpemidler til at underst\u00f8tte tosprogede elevers sproglige udfordringer<\/p>\n<\/div><\/div>\n<\/div>\n<\/div>\n\n\n\n<div class=\"wp-block-group is-nowrap is-layout-flex wp-container-core-group-is-layout-ad2f72ca wp-block-group-is-layout-flex\">\n<p><strong>Begr\u00e6nset brug af teknologi<\/strong> <br>Digitale v\u00e6rkt\u00f8jer kan potentielt underst\u00f8tte tosproget l\u00e6ring, men l\u00e6rerne f\u00f8ler sig ofte usikre p\u00e5, hvordan de bedst kan integrere dem i undervisningen. Der er et \u00f8nske om bedre vejledning i, hvordan teknologiske l\u00f8sninger kan anvendes m\u00e5lrettet.<\/p>\n\n\n\n<figure class=\"wp-block-image size-large is-resized\"><img loading=\"lazy\" decoding=\"async\" width=\"1024\" height=\"683\" src=\"https:\/\/itdd.au.dk\/mtlg\/wp-content\/uploads\/sites\/25\/2025\/03\/ghfdg-2-1024x683.jpg\" alt=\"\" class=\"wp-image-822\" style=\"width:405px;height:auto\" srcset=\"https:\/\/itdd.au.dk\/mtlg\/wp-content\/uploads\/sites\/25\/2025\/03\/ghfdg-2-1024x683.jpg 1024w, https:\/\/itdd.au.dk\/mtlg\/wp-content\/uploads\/sites\/25\/2025\/03\/ghfdg-2-300x200.jpg 300w, https:\/\/itdd.au.dk\/mtlg\/wp-content\/uploads\/sites\/25\/2025\/03\/ghfdg-2-768x513.jpg 768w, https:\/\/itdd.au.dk\/mtlg\/wp-content\/uploads\/sites\/25\/2025\/03\/ghfdg-2.jpg 1497w\" sizes=\"auto, (max-width: 1024px) 100vw, 1024px\" \/><\/figure>\n<\/div>\n\n\n\n<div class=\"wp-block-group is-nowrap is-layout-flex wp-container-core-group-is-layout-ad2f72ca wp-block-group-is-layout-flex\">\n<figure class=\"wp-block-image size-full is-resized\"><img loading=\"lazy\" decoding=\"async\" width=\"640\" height=\"320\" src=\"https:\/\/itdd.au.dk\/mtlg\/wp-content\/uploads\/sites\/25\/2025\/03\/tttt.jpg\" alt=\"\" class=\"wp-image-825\" style=\"width:423px;height:auto\" srcset=\"https:\/\/itdd.au.dk\/mtlg\/wp-content\/uploads\/sites\/25\/2025\/03\/tttt.jpg 640w, https:\/\/itdd.au.dk\/mtlg\/wp-content\/uploads\/sites\/25\/2025\/03\/tttt-300x150.jpg 300w\" sizes=\"auto, (max-width: 640px) 100vw, 640px\" \/><\/figure>\n\n\n\n<p><strong>Manglende struktureret viden til implementering. <\/strong><br>Vores empiri viser, at l\u00e6rernes afpr\u00f8vning af digitale teknologier ofte sker individuelt uden en f\u00e6lles, struktureret tilgang. Der mangler et systematisk grundlag for implementering, hvor l\u00e6rerne ikke blot eksperimenterer p\u00e5 egen h\u00e5nd, men ogs\u00e5 f\u00e5r mulighed for at vidensdele og udvikle f\u00e6lles praksis omkring brugen af teknologi som et p\u00e6dagogisk redskab.<\/p>\n<\/div>\n<\/div><\/div>\n\n\n\n<h1 class=\"wp-block-heading has-text-align-center\">Designudfordring<\/h1>\n\n\n\n<p>Ud fra den forel\u00f8bige empiri som vi har indsamlet, st\u00e5r vi overfor f\u00f8lgende designudfordring:<\/p>\n\n\n\n<ul class=\"wp-block-list\">\n<li>Hvilke faktorer muligg\u00f8r anvendelsen af LLM-baserede v\u00e6rkt\u00f8jer i undervisningen, og hvilke affordances skal teknologien tilbyde for at underst\u00f8tte differentiering og individualisering for tosprogede elever?<\/li>\n<\/ul>\n\n\n\n<hr class=\"wp-block-separator has-alpha-channel-opacity\"\/>\n\n\n\n<h2 class=\"wp-block-heading has-text-align-center\">Designprincipper #1<\/h2>\n\n\n\n<h3 class=\"wp-block-heading\">1. Brugervenlighed og tilg\u00e6ngelighed<\/h3>\n\n\n\n<p><strong>Designprincip:<\/strong> Designet for brugen af LLM-v\u00e6rkt\u00f8jer skal v\u00e6re intuitivt og let tilg\u00e6ngeligt for b\u00e5de l\u00e6rere og elever.<\/p>\n\n\n\n<p><strong>Form\u00e5l:<\/strong> At sikre, at alle brugere kan navigere i v\u00e6rkt\u00f8jerne uden omfattende tr\u00e6ning, hvilket fremmer et mere inkluderende l\u00e6ringsmilj\u00f8.<\/p>\n\n\n\n<p><strong>Litteraturreview\/teoretisk forankring:<\/strong> Enkel og tilg\u00e6ngelig vejledning \u00f8ger l\u00e6rernes motivation for at udnytte LLM-v\u00e6rkt\u00f8jer effektivt (Dalsgaard &amp; Ryberg, 2022).<\/p>\n\n\n\n<p><strong>Empirisk grundlag:<\/strong> L\u00e6rere refererer til tidligere erfaringer med teknologier som AppWriter, hvor manglende opl\u00e6ring har skabt udfordringer i integrationen i undervisningen.<br><\/p>\n\n\n\n<h3 class=\"wp-block-heading\">2. Differentierede l\u00e6ringsmuligheder<\/h3>\n\n\n\n<p><strong>Designprincip:<\/strong> LLM-v\u00e6rkt\u00f8jer skal tilbyde funktioner, der muligg\u00f8r tilpasning af indhold og opgaver baseret p\u00e5 den enkelte elevs f\u00e6rdigheder og l\u00e6ringsbehov.<\/p>\n\n\n\n<p><strong>Form\u00e5l:<\/strong> Tosprogede elever har brug for opgaver, der passer til deres sprogkompetence og l\u00e6ringsstil.<\/p>\n\n\n\n<p><strong>Empirisk grundlag:<\/strong> L\u00e6rere oplever udfordringer med at identificere elevers forst\u00e5else og dermed tilpasse undervisningen. <br><\/p>\n\n\n\n<h3 class=\"wp-block-heading\">3. Underst\u00f8ttelse af sprogudvikling<\/h3>\n\n\n\n<p><strong>Designprincip:<\/strong> LLM-v\u00e6rkt\u00f8jer skal inkludere funktioner, der underst\u00f8tter sprogindl\u00e6ring, s\u00e5som ordforr\u00e5dsopbygning, grammatik\u00f8velser og kontekstuel l\u00e6ring.<\/p>\n\n\n\n<p><strong>Form\u00e5l:<\/strong> Tosprogede elever drager fordel af m\u00e5lrettede ressourcer, der hj\u00e6lper med at udvikle deres f\u00e6rdigheder i b\u00e5de deres modersm\u00e5l og m\u00e5lsproget (dansk).<\/p>\n\n\n\n<p><strong>Litteraturreview\/teoretisk forankring:<\/strong> Digitale sprogteknologier kan underst\u00f8tte elevernes sprogudvikling gennem kombineret brug af tekst, lyd og interaktion (Dalsgaard et al., 2023).<\/p>\n\n\n\n<p><strong>Empirisk grundlag:<\/strong> L\u00e6rere p\u00e5peger, at eleverne har sv\u00e6rt ved at forst\u00e5 opgaveformuleringer og sproglige nuancer.<br><\/p>\n\n\n\n<h3 class=\"wp-block-heading\">4. Kollaborativ l\u00e6ring<\/h3>\n\n\n\n<p><strong>Designprincip:<\/strong> LLM-v\u00e6rkt\u00f8jer skal underst\u00f8tte kollaborative l\u00e6ringsaktiviteter blandt elever.<\/p>\n\n\n\n<p><strong>Form\u00e5l:<\/strong> At underst\u00f8tte sproglig udvikling gennem samarbejde og interaktion.<\/p>\n\n\n\n<p><strong>Litteraturreview\/teoretisk forankring:<\/strong> Kollaborative v\u00e6rkt\u00f8jer faciliterer virkelighedsn\u00e6re samtaler og styrker sprogf\u00e6rdigheder (Caviglia et al., 2020).<\/p>\n\n\n\n<p><strong>Empirisk grundlag:<\/strong> L\u00e6rere eftersp\u00f8rger l\u00f8sninger, der kan underst\u00f8tte elevernes samarbejde og vidensdeling. <\/p>\n\n\n\n<div class=\"wp-block-cover alignfull is-light\" style=\"margin-top:0;padding-top:6vw;padding-right:6vw;padding-bottom:6vw;padding-left:6vw\"><span aria-hidden=\"true\" class=\"wp-block-cover__background has-background-dim-100 has-background-dim\" style=\"background-color:#fffafa\"><\/span><div class=\"wp-block-cover__inner-container is-layout-flow wp-block-cover-is-layout-flow\">\n<h2 class=\"wp-block-heading\">Sp\u00f8rgsm\u00e5l om vores designprincipper<\/h2>\n\n\n\n<p>Med vores forel\u00f8bige designprincipper har vi fors\u00f8gt at indramme fire overordnede principper: 1) brugervenlighed, 2) differentiering, 3) adaptiv st\u00f8tte og 4) kollaborativ l\u00e6ring. N\u00e5r vi implementerer LLM-v\u00e6rkt\u00f8jer i undervisningen, er det afg\u00f8rende, at l\u00e6rerne oplever motivation og ejerskab over teknologien. Men hvordan sikrer vi dette gennem et design, der b\u00e5de er enkelt at bruge og tilg\u00e6ngeligt i deres daglige praksis? Er der steps som beh\u00f8ver n\u00e6rmere unders\u00f8gelse f\u00f8r man kan udarbejde principper om hvordan man bruger LLM-v\u00e6rkt\u00f8jer &#8211; f.eks. om l\u00e6ring om brugen tilegnes bedst gennem digitale medier eller analoge v\u00e6rkt\u00f8jer som fysiske materialer? <br><br>En af de centrale udfordringer for l\u00e6rerne er ogs\u00e5 manglen p\u00e5 tid til at st\u00f8tte enkelte elever med sprogvanskeligheder. Hvordan kan vi designe l\u00f8sningsforslag med brug af LLM-v\u00e6rkt\u00f8jer, der underst\u00f8tter deres arbejde, n\u00e5r implementeringen i sig selv kr\u00e6ver tid og ressourcer? Hvordan sikrer vi, at opstarten med v\u00e6rkt\u00f8jet \u2013 herunder l\u00e6rernes tilegnelse af viden og kompetencer \u2013 ikke bliver en ekstra byrde, men derimod en investering, der hurtigt giver v\u00e6rdi i praksis? <br>Hvordan sikrer vi, at designet m\u00e5lrettet underst\u00f8tter l\u00e6rernes arbejde med tosprogede elever og hj\u00e6lper med at bryde sprogbarrierer \u2013 og ikke blot bliver et generelt LLM-v\u00e6rkt\u00f8j uden fokus p\u00e5 de specifikke sproglige udfordringer, l\u00e6rerne st\u00e5r overfor i praksis?<\/p>\n<\/div><\/div>\n\n\n\n<p><\/p>\n","protected":false},"excerpt":{"rendered":"<p>Designudfordring Ud fra den forel\u00f8bige empiri som vi har indsamlet, st\u00e5r vi overfor f\u00f8lgende designudfordring: Designprincipper #1 1. Brugervenlighed og tilg\u00e6ngelighed Designprincip: Designet for brugen af LLM-v\u00e6rkt\u00f8jer skal v\u00e6re intuitivt og let tilg\u00e6ngeligt for b\u00e5de l\u00e6rere og elever. Form\u00e5l: At sikre, at alle brugere kan navigere i v\u00e6rkt\u00f8jerne uden omfattende tr\u00e6ning, hvilket fremmer et mere [&hellip;]<\/p>\n","protected":false},"author":46,"featured_media":0,"comment_status":"open","ping_status":"open","sticky":false,"template":"","format":"standard","meta":{"footnotes":""},"categories":[1],"tags":[],"class_list":["post-799","post","type-post","status-publish","format-standard","hentry","category-blogindlaeg","entry"],"_links":{"self":[{"href":"https:\/\/itdd.au.dk\/mtlg\/wp-json\/wp\/v2\/posts\/799","targetHints":{"allow":["GET"]}}],"collection":[{"href":"https:\/\/itdd.au.dk\/mtlg\/wp-json\/wp\/v2\/posts"}],"about":[{"href":"https:\/\/itdd.au.dk\/mtlg\/wp-json\/wp\/v2\/types\/post"}],"author":[{"embeddable":true,"href":"https:\/\/itdd.au.dk\/mtlg\/wp-json\/wp\/v2\/users\/46"}],"replies":[{"embeddable":true,"href":"https:\/\/itdd.au.dk\/mtlg\/wp-json\/wp\/v2\/comments?post=799"}],"version-history":[{"count":28,"href":"https:\/\/itdd.au.dk\/mtlg\/wp-json\/wp\/v2\/posts\/799\/revisions"}],"predecessor-version":[{"id":846,"href":"https:\/\/itdd.au.dk\/mtlg\/wp-json\/wp\/v2\/posts\/799\/revisions\/846"}],"wp:attachment":[{"href":"https:\/\/itdd.au.dk\/mtlg\/wp-json\/wp\/v2\/media?parent=799"}],"wp:term":[{"taxonomy":"category","embeddable":true,"href":"https:\/\/itdd.au.dk\/mtlg\/wp-json\/wp\/v2\/categories?post=799"},{"taxonomy":"post_tag","embeddable":true,"href":"https:\/\/itdd.au.dk\/mtlg\/wp-json\/wp\/v2\/tags?post=799"}],"curies":[{"name":"wp","href":"https:\/\/api.w.org\/{rel}","templated":true}]}}