{"id":281,"date":"2024-09-16T16:46:04","date_gmt":"2024-09-16T16:46:04","guid":{"rendered":"https:\/\/itdd.au.dk\/tech-trio\/?p=281"},"modified":"2024-10-23T21:59:58","modified_gmt":"2024-10-23T21:59:58","slug":"blogpost-2","status":"publish","type":"post","link":"https:\/\/itdd.au.dk\/mtlg\/2024\/09\/16\/blogpost-2\/","title":{"rendered":"Transformation"},"content":{"rendered":"\n<div class=\"wp-block-group alignfull has-background\" style=\"background-color:#f5eac1;padding-top:6vw;padding-right:6vw;padding-bottom:6vw;padding-left:6vw\"><div class=\"wp-block-group__inner-container is-layout-flow wp-block-group-is-layout-flow\">\n<div class=\"wp-block-group is-vertical is-nowrap is-layout-flex wp-container-core-group-is-layout-ddb90dc7 wp-block-group-is-layout-flex\" style=\"padding-right:0;padding-left:0\">\n<h2 class=\"wp-block-heading\">Transformation ved brug af GAI<br><sub>Kan AI fremme l\u00e6ring gennem transformation som historiefort\u00e6lling?<\/sub><\/h2>\n<\/div>\n\n\n\n<div class=\"wp-block-group alignwide is-vertical is-nowrap is-layout-flex wp-container-core-group-is-layout-8171334d wp-block-group-is-layout-flex\" style=\"padding-top:0;padding-right:0;padding-bottom:0;padding-left:0\">\n<div class=\"wp-block-columns alignwide is-layout-flex wp-container-core-columns-is-layout-2656d967 wp-block-columns-is-layout-flex\">\n<div class=\"wp-block-column is-layout-flow wp-block-column-is-layout-flow\" style=\"flex-basis:33.38%\">\n<p class=\"has-text-color\" style=\"color:#000000;font-size:17px\">Gennem vores transformationsopgave, er vi blevet optaget af hvordan at man kan benytte GAI til at skabe en visuel historiefort\u00e6lling. Vi blev fascineret af, hvordan at simple ord eller billeder kunne transformeres til forskellige perspektiver. Dette fik os til at reflektere over, hvorvidt at visualisering af forskellige historier ville kunne benyttes i forskellige l\u00e6ringsform\u00e5l og ud fra forskellige m\u00e5lgrupper. Vores tanker ledte os hen til, hvordan at man kan benytte denne form for transformation til at fremme  kreativt og l\u00e6ringsudbytte for forskellige m\u00e5lgrupper, eller hvordan at visualisering ville kunne fremme kommunikation gennem historiefort\u00e6lling. <\/p>\n<\/div>\n\n\n\n<div class=\"wp-block-column is-vertically-aligned-stretch is-layout-flow wp-block-column-is-layout-flow\" style=\"flex-basis:33%\">\n<div class=\"wp-block-group is-nowrap is-layout-flex wp-container-core-group-is-layout-ad2f72ca wp-block-group-is-layout-flex\">\n<figure class=\"wp-block-image size-large is-resized\"><img loading=\"lazy\" decoding=\"async\" width=\"767\" height=\"1024\" src=\"https:\/\/itdd.au.dk\/tech-trio\/wp-content\/uploads\/sites\/25\/2024\/09\/IMG_3F8C0CF235A5-1-767x1024.jpeg\" alt=\"\" class=\"wp-image-398\" style=\"width:221px;height:auto\" srcset=\"https:\/\/itdd.au.dk\/mtlg\/wp-content\/uploads\/sites\/25\/2024\/09\/IMG_3F8C0CF235A5-1-767x1024.jpeg 767w, https:\/\/itdd.au.dk\/mtlg\/wp-content\/uploads\/sites\/25\/2024\/09\/IMG_3F8C0CF235A5-1-225x300.jpeg 225w, https:\/\/itdd.au.dk\/mtlg\/wp-content\/uploads\/sites\/25\/2024\/09\/IMG_3F8C0CF235A5-1-768x1026.jpeg 768w, https:\/\/itdd.au.dk\/mtlg\/wp-content\/uploads\/sites\/25\/2024\/09\/IMG_3F8C0CF235A5-1.jpeg 852w\" sizes=\"auto, (max-width: 767px) 100vw, 767px\" \/><\/figure>\n\n\n\n<figure class=\"wp-block-image size-full is-resized\"><img loading=\"lazy\" decoding=\"async\" width=\"779\" height=\"792\" src=\"https:\/\/itdd.au.dk\/tech-trio\/wp-content\/uploads\/sites\/25\/2024\/09\/IMG_55D6B7725A19-1-2.jpeg\" alt=\"\" class=\"wp-image-462\" style=\"width:300px;height:auto\" srcset=\"https:\/\/itdd.au.dk\/mtlg\/wp-content\/uploads\/sites\/25\/2024\/09\/IMG_55D6B7725A19-1-2.jpeg 779w, https:\/\/itdd.au.dk\/mtlg\/wp-content\/uploads\/sites\/25\/2024\/09\/IMG_55D6B7725A19-1-2-295x300.jpeg 295w, https:\/\/itdd.au.dk\/mtlg\/wp-content\/uploads\/sites\/25\/2024\/09\/IMG_55D6B7725A19-1-2-768x781.jpeg 768w\" sizes=\"auto, (max-width: 779px) 100vw, 779px\" \/><\/figure>\n<\/div>\n\n\n\n<figure class=\"wp-block-image size-full\"><img loading=\"lazy\" decoding=\"async\" width=\"627\" height=\"627\" src=\"https:\/\/itdd.au.dk\/tech-trio\/wp-content\/uploads\/sites\/25\/2024\/09\/IMG_F2E5FD03AD7B-1-2.jpeg\" alt=\"\" class=\"wp-image-451\" srcset=\"https:\/\/itdd.au.dk\/mtlg\/wp-content\/uploads\/sites\/25\/2024\/09\/IMG_F2E5FD03AD7B-1-2.jpeg 627w, https:\/\/itdd.au.dk\/mtlg\/wp-content\/uploads\/sites\/25\/2024\/09\/IMG_F2E5FD03AD7B-1-2-300x300.jpeg 300w, https:\/\/itdd.au.dk\/mtlg\/wp-content\/uploads\/sites\/25\/2024\/09\/IMG_F2E5FD03AD7B-1-2-150x150.jpeg 150w, https:\/\/itdd.au.dk\/mtlg\/wp-content\/uploads\/sites\/25\/2024\/09\/IMG_F2E5FD03AD7B-1-2-600x600.jpeg 600w\" sizes=\"auto, (max-width: 627px) 100vw, 627px\" \/><\/figure>\n<\/div>\n<\/div>\n<\/div>\n\n\n\n<p class=\"has-text-align-center\"><em>Hvordan ville AI kunne medvirke til at s\u00e6tte ord eller st\u00f8tte til perspektivering og l\u00e6ring gennem visualisering og historieopbygning? Hvad hvis man lavede en skabelon til en aktivitet, som kunne benyttes til flere forskellige kontekster og ud fra forskellige professioner, m\u00e5lgrupper og l\u00e6ringsform\u00e5l?<\/em><\/p>\n<\/div><\/div>\n\n\n\n<figure class=\"wp-block-gallery alignwide has-nested-images columns-default is-cropped wp-block-gallery-1 is-layout-flex wp-block-gallery-is-layout-flex\">\n<figure class=\"wp-block-image size-full\"><img loading=\"lazy\" decoding=\"async\" width=\"485\" height=\"504\" data-id=\"446\" src=\"https:\/\/itdd.au.dk\/tech-trio\/wp-content\/uploads\/sites\/25\/2024\/10\/IMG_8306-3-edited.jpg\" alt=\"\" class=\"wp-image-446\" srcset=\"https:\/\/itdd.au.dk\/mtlg\/wp-content\/uploads\/sites\/25\/2024\/10\/IMG_8306-3-edited.jpg 485w, https:\/\/itdd.au.dk\/mtlg\/wp-content\/uploads\/sites\/25\/2024\/10\/IMG_8306-3-edited-289x300.jpg 289w\" sizes=\"auto, (max-width: 485px) 100vw, 485px\" \/><\/figure>\n\n\n\n<figure class=\"wp-block-image size-full\"><img loading=\"lazy\" decoding=\"async\" width=\"1024\" height=\"1024\" data-id=\"444\" src=\"https:\/\/itdd.au.dk\/tech-trio\/wp-content\/uploads\/sites\/25\/2024\/09\/img-dNUw8VnanTJxvqGl8SK4h-3.jpeg\" alt=\"\" class=\"wp-image-444\" srcset=\"https:\/\/itdd.au.dk\/mtlg\/wp-content\/uploads\/sites\/25\/2024\/09\/img-dNUw8VnanTJxvqGl8SK4h-3.jpeg 1024w, https:\/\/itdd.au.dk\/mtlg\/wp-content\/uploads\/sites\/25\/2024\/09\/img-dNUw8VnanTJxvqGl8SK4h-3-300x300.jpeg 300w, https:\/\/itdd.au.dk\/mtlg\/wp-content\/uploads\/sites\/25\/2024\/09\/img-dNUw8VnanTJxvqGl8SK4h-3-150x150.jpeg 150w, https:\/\/itdd.au.dk\/mtlg\/wp-content\/uploads\/sites\/25\/2024\/09\/img-dNUw8VnanTJxvqGl8SK4h-3-768x768.jpeg 768w, https:\/\/itdd.au.dk\/mtlg\/wp-content\/uploads\/sites\/25\/2024\/09\/img-dNUw8VnanTJxvqGl8SK4h-3-600x600.jpeg 600w\" sizes=\"auto, (max-width: 1024px) 100vw, 1024px\" \/><\/figure>\n<\/figure>\n\n\n\n<h2 class=\"wp-block-heading\">AI-historiefort\u00e6lling ud fra forskellige l\u00e6ringskontekster<\/h2>\n\n\n\n<p>Vores tanker og refleksion med, at benytte AI som en visuel historiefort\u00e6lling bygger p\u00e5 vores refleksioner om flere forskellige emner af l\u00e6ring. I dette eksempel, har vi valgt at tage udgangspunkt i, hvordan at AI gennem b\u00f8rn og unges brug af billeder eller tegninger af forskellige sociale interaktioner, kan v\u00e6re med til at opbygge og visualisere en historie som enten beskriver barnets perspektiv, forklarer og perspektivere forskellige sociale interaktioner. Udover at fremme kreativiteten, kan AI her benyttes til at fremme forskellige m\u00e5lgruppers forestillings- og mentaliseringsevne.<\/p>\n\n\n\n<h3 class=\"wp-block-heading\">Beskrivelse af aktivitet:<\/h3>\n\n\n\n<p><strong>M\u00e5lgruppe:<\/strong> b\u00f8rn, unge eller voksne med behov for l\u00e6ring omkring sociale samspil<\/p>\n\n\n\n<h3 class=\"wp-block-heading\">Trin 1: Analog del \u2013 Skab scener gennem billeder\/tegninger<\/h3>\n\n\n\n<ul class=\"wp-block-list\">\n<li><strong>Materialer:<\/strong> Kamera\/mobiltelefon eller papir og blyanter for at tegne en situation.<\/li>\n\n\n\n<li><strong>Aktivitet:<\/strong> B\u00f8rnene skal tage billeder af forskellige situationer eller scener, som de finder interessante eller relateret til sociale interaktioner (f.eks. to personer der taler, en person, der hj\u00e6lper en anden, etc.). Disse billeder kan v\u00e6re taget i skolen, hjemme eller i lokalmilj\u00f8et. B\u00f8rnene kan ogs\u00e5 tegne sig selv og visualiserer en situation fra deres eget perspektiv, som fx kunne bruges til at skabe en historie om, hvordan de selv ville reagere i den situation.<\/li>\n\n\n\n<li><strong>AI V\u00e6rkt\u00f8j:<\/strong> AI\u2019en hj\u00e6lper med at udvide historien ved at foresl\u00e5 alternative reaktioner eller dialoger, baseret p\u00e5 deres tegning og beskrivelser.<\/li>\n\n\n\n<li><strong>L\u00e6ringsm\u00e5l:<\/strong> Ved brug af billeder kan b\u00f8rnene l\u00e6re, at observere sociale situationer og identificere n\u00f8gleelementer i samspil mellem mennesker. Ved brug af tegninger og beskrivelser, f\u00e5r b\u00f8rnene mulighed for at reflektere over deres egne f\u00f8lelser og handlinger i processen, samt at l\u00e6re at forst\u00e5 og formidle deres perspektiv til andre.<\/li>\n<\/ul>\n\n\n\n<h3 class=\"wp-block-heading\">Trin 2: Digital del \u2013 AI-genereret historieudvikling<\/h3>\n\n\n\n<ul class=\"wp-block-list\">\n<li><strong>AI V\u00e6rkt\u00f8j:<\/strong> AI-platform, som kan analysere billeder og foresl\u00e5 handlinger og dialog (f.eks. GPT-baseret system kombineret med billedgenkendelse).<\/li>\n\n\n\n<li><strong>Aktivitet:<\/strong> B\u00f8rnene uploader deres billeder til AI-v\u00e6rkt\u00f8jet, som derefter hj\u00e6lper dem med at skabe en sammenh\u00e6ngende historie baseret p\u00e5 de sociale cues i billederne. AI\u2019en kan foresl\u00e5 plotudviklinger, handlinger, og dialog mellem personerne p\u00e5 billederne og b\u00f8rnene kan videreudvikle p\u00e5 historierne ud fra forskellige scenarier eller andre perspektiver.<\/li>\n\n\n\n<li><strong>L\u00e6ringsm\u00e5l:<\/strong> B\u00f8rnene l\u00e6rer at kombinere deres observationer med AI\u2019s kreative input for at skabe historier, der udforsker sociale interaktioner og som kan v\u00e6re med til at perspektivere og l\u00e6re forskellige sociale interaktioner. <\/li>\n<\/ul>\n\n\n\n<h3 class=\"wp-block-heading\">Trin 3: Pr\u00e6sentation og deling af historien til perspektivering med andre<\/h3>\n\n\n\n<ul class=\"wp-block-list\">\n<li>B\u00f8rnene pr\u00e6senterer deres billeder, tegninger og AI-genererede historier for hinanden eller for underviseren. Her deles hvordan at de opfattede de sociale situationer, og hvordan AI\u2019en p\u00e5virkede deres historier. B\u00f8rnene udvikler kreative evner, l\u00e6rer at analysere sociale situationer, og forst\u00e5r vigtigheden af deres egne og andres perspektiver i interaktioner. AI hj\u00e6lper med at udvide deres forst\u00e5else af mulige m\u00e5der at fortolke og reagere i sociale samspil.<\/li>\n<\/ul>\n\n\n\n<figure class=\"wp-block-video\"><video controls src=\"https:\/\/itdd.au.dk\/tech-trio\/wp-content\/uploads\/sites\/25\/2024\/09\/invideo-ai-1080-en-visuel-gennemgang-af-ai-laering-for-bo-2024-10-23_sanMewG8.mp4\"><\/video><\/figure>\n\n\n\n<h2 class=\"wp-block-heading\">Underviseres brug af historiefort\u00e6lling ud fra forskellige kontekster:<\/h2>\n\n\n\n<p>Som underviser\/l\u00e6rer eller p\u00e6dagog kan benytte ovenst\u00e5ende aktivitet og tilrette den alt efter l\u00e6ringsform\u00e5l og m\u00e5lgruppe. Det kan fx bruges i forbindelse med undervisning s\u00e5som dansk, hvor m\u00e5lgruppen l\u00e6rer at udvikle opbygningen af en historie, eller aktiviteten kan tilrettel\u00e6gges natur og bev\u00e6gelse, hvor b\u00f8rnene fx skal tage billeder af et bestemt emne i naturen og gennem AI skabe en historie med l\u00e6ringsudbyttet. Vi s\u00e5 mange forskellige l\u00e6ringsmuligheder i form af visualisering af forskellige historier med AI. Vores refleksion med ovenst\u00e5ende aktivitet er derfor, at aktiviteten kan benyttes som inspiration af forskellige faggrupper og l\u00e6ringskontekster.<\/p>\n\n\n<div class=\"wp-block-image\">\n<figure class=\"aligncenter size-full\"><img loading=\"lazy\" decoding=\"async\" width=\"696\" height=\"425\" src=\"https:\/\/itdd.au.dk\/tech-trio\/wp-content\/uploads\/sites\/25\/2024\/09\/image-4.png\" alt=\"\" class=\"wp-image-386\" srcset=\"https:\/\/itdd.au.dk\/mtlg\/wp-content\/uploads\/sites\/25\/2024\/09\/image-4.png 696w, https:\/\/itdd.au.dk\/mtlg\/wp-content\/uploads\/sites\/25\/2024\/09\/image-4-300x183.png 300w\" sizes=\"auto, (max-width: 696px) 100vw, 696px\" \/><\/figure>\n<\/div>\n\n\n<div class=\"wp-block-group alignfull has-background\" style=\"background-color:#f5eac1;padding-top:6vw;padding-right:6vw;padding-bottom:6vw;padding-left:6vw\"><div class=\"wp-block-group__inner-container is-layout-flow wp-block-group-is-layout-flow\">\n<div class=\"wp-block-group is-vertical is-nowrap is-layout-flex wp-container-core-group-is-layout-287ef9cb wp-block-group-is-layout-flex\" style=\"padding-right:0;padding-left:0\">\n<p class=\"has-text-align-center has-text-color\" style=\"color:#000000;font-size:6vw;font-style:normal;font-weight:700;letter-spacing:0px;line-height:0.9;text-decoration:none;text-transform:none\">Refleksioner&#8230;.<\/p>\n<\/div>\n\n\n\n<div style=\"height:1vw\" aria-hidden=\"true\" class=\"wp-block-spacer\"><\/div>\n\n\n\n<div class=\"wp-block-group alignwide is-vertical is-nowrap is-layout-flex wp-container-core-group-is-layout-8171334d wp-block-group-is-layout-flex\" style=\"padding-top:0;padding-right:0;padding-bottom:0;padding-left:0\">\n<div class=\"wp-block-columns alignwide is-layout-flex wp-container-core-columns-is-layout-724a882f wp-block-columns-is-layout-flex\">\n<div class=\"wp-block-column is-layout-flow wp-block-column-is-layout-flow\" style=\"flex-basis:69%\">\n<figure class=\"wp-block-image size-full\"><img loading=\"lazy\" decoding=\"async\" width=\"1024\" height=\"506\" src=\"https:\/\/itdd.au.dk\/tech-trio\/wp-content\/uploads\/sites\/25\/2024\/09\/Skaermbillede-2024-10-23-kl.-14.48.30-1024x506-1.png\" alt=\"\" class=\"wp-image-417\" srcset=\"https:\/\/itdd.au.dk\/mtlg\/wp-content\/uploads\/sites\/25\/2024\/09\/Skaermbillede-2024-10-23-kl.-14.48.30-1024x506-1.png 1024w, https:\/\/itdd.au.dk\/mtlg\/wp-content\/uploads\/sites\/25\/2024\/09\/Skaermbillede-2024-10-23-kl.-14.48.30-1024x506-1-300x148.png 300w, https:\/\/itdd.au.dk\/mtlg\/wp-content\/uploads\/sites\/25\/2024\/09\/Skaermbillede-2024-10-23-kl.-14.48.30-1024x506-1-768x380.png 768w\" sizes=\"auto, (max-width: 1024px) 100vw, 1024px\" \/><figcaption class=\"wp-element-caption\">Figur 0.2. Dalsgaard, C. &amp; Ryberg, T (2022) Digitale l\u00e6ringsrum<\/figcaption><\/figure>\n<\/div>\n\n\n\n<div class=\"wp-block-column is-vertically-aligned-center is-layout-flow wp-block-column-is-layout-flow\" style=\"flex-basis:33%\">\n<p class=\"has-text-color\" style=\"color:#000000;font-size:17px\">Med udgangspunkt i l\u00e6ringsmodellen om digitale l\u00e6ringsrum (Dalsgaard &amp; Ryberg, 2022) har vi reflekteret over, at aktiviteten skulle tilrettel\u00e6gges s\u00e5ledes, at l\u00e6ringsaktiviteten ville inkludere b\u00e5de det individuelle rum, arbejdsgruppe og interessef\u00e6llesskab eller tilpasses efter kontekst og l\u00e6ring. I det individuelle rum indg\u00e5r at m\u00e5lgruppen her skulle v\u00e6re unders\u00f8gende p\u00e5 emnet, tage billeder eller konstruere tegninger til historieopbygningen. Ved fokus p\u00e5 samarbejde og perspektivering mellem hinanden, ville man kunne tilrettel\u00e6gge aktiviteten ud fra grupper, som kan kategoriseres ud fra en arbejdsgruppe. N\u00e5r m\u00e5lgruppen ved det f\u00e6rdige produkt, deler deres historiefort\u00e6lling foreg\u00e5r dette i interessef\u00e6llesskabet (fx som en klasse i folkeskolen). <\/p>\n\n\n\n<div style=\"height:2vw\" aria-hidden=\"true\" class=\"wp-block-spacer\"><\/div>\n<\/div>\n<\/div>\n<\/div>\n<\/div><\/div>\n\n\n\n<h2 class=\"wp-block-heading\">Sp\u00f8rgsm\u00e5l til videre refleksion?<\/h2>\n\n\n\n<p>Ville man kunne videreudvikle aktiviteten s\u00e5ledes at den kunne bruges i forbindelse med \u00e5bne forbindelser og i s\u00e5 fald, hvordan ville aktiviteten s\u00e5ledes se ud? Ville man kunne udarbejde en hjemmeside hvor man ville kunne udarbejde forskellige historier, ud fra forskellige emner, hvor der var mulighed for at alle kunne tilf\u00f8je og videreudvikle p\u00e5 ens historie? Hvordan ville denne form for open-world p\u00e5virke kreativiteten og l\u00e6ringsudbyttet?<\/p>\n\n\n\n<p><\/p>\n","protected":false},"excerpt":{"rendered":"<p>Transformation ved brug af GAIKan AI fremme l\u00e6ring gennem transformation som historiefort\u00e6lling? Gennem vores transformationsopgave, er vi blevet optaget af hvordan at man kan benytte GAI til at skabe en visuel historiefort\u00e6lling. Vi blev fascineret af, hvordan at simple ord eller billeder kunne transformeres til forskellige perspektiver. Dette fik os til at reflektere over, hvorvidt [&hellip;]<\/p>\n","protected":false},"author":61,"featured_media":0,"comment_status":"open","ping_status":"open","sticky":false,"template":"","format":"standard","meta":{"footnotes":""},"categories":[1],"tags":[],"class_list":["post-281","post","type-post","status-publish","format-standard","hentry","category-blogindlaeg","entry"],"_links":{"self":[{"href":"https:\/\/itdd.au.dk\/mtlg\/wp-json\/wp\/v2\/posts\/281","targetHints":{"allow":["GET"]}}],"collection":[{"href":"https:\/\/itdd.au.dk\/mtlg\/wp-json\/wp\/v2\/posts"}],"about":[{"href":"https:\/\/itdd.au.dk\/mtlg\/wp-json\/wp\/v2\/types\/post"}],"author":[{"embeddable":true,"href":"https:\/\/itdd.au.dk\/mtlg\/wp-json\/wp\/v2\/users\/61"}],"replies":[{"embeddable":true,"href":"https:\/\/itdd.au.dk\/mtlg\/wp-json\/wp\/v2\/comments?post=281"}],"version-history":[{"count":86,"href":"https:\/\/itdd.au.dk\/mtlg\/wp-json\/wp\/v2\/posts\/281\/revisions"}],"predecessor-version":[{"id":466,"href":"https:\/\/itdd.au.dk\/mtlg\/wp-json\/wp\/v2\/posts\/281\/revisions\/466"}],"wp:attachment":[{"href":"https:\/\/itdd.au.dk\/mtlg\/wp-json\/wp\/v2\/media?parent=281"}],"wp:term":[{"taxonomy":"category","embeddable":true,"href":"https:\/\/itdd.au.dk\/mtlg\/wp-json\/wp\/v2\/categories?post=281"},{"taxonomy":"post_tag","embeddable":true,"href":"https:\/\/itdd.au.dk\/mtlg\/wp-json\/wp\/v2\/tags?post=281"}],"curies":[{"name":"wp","href":"https:\/\/api.w.org\/{rel}","templated":true}]}}